{"id":106,"date":"2020-06-04T11:56:34","date_gmt":"2020-06-04T08:56:34","guid":{"rendered":"http:\/\/demo.safirtema.com\/rota\/?p=106"},"modified":"2022-01-22T20:25:52","modified_gmt":"2022-01-22T17:25:52","slug":"katalog-bastirmanin-kurumsal-kimlikteki-onemi","status":"publish","type":"post","link":"http:\/\/www.artmeka.com\/?p=106","title":{"rendered":"K\u00dc\u00c7\u00dcK BANYO DEKORASYONU \u0130\u00c7\u0130N \u0130PU\u00c7LARI VE \u00d6NER\u0130LER"},"content":{"rendered":"\n<h2 class=\"wp-block-heading\">K\u00fc\u00e7\u00fck Banyo Dekorasyonu i\u00e7in \u0130pu\u00e7lar\u0131 ve \u00d6neriler<\/h2>\n\n\n\n<figure class=\"wp-block-image\"><img decoding=\"async\" src=\"http:\/\/www.dusakabinmarketi.com\/image\/catalog\/r%C3%BCnler\/kucuk-banyolar-2019.jpg\" alt=\"K\u00fc\u00e7\u00fck Banyo Dekorasyonu i\u00e7in \u0130pu\u00e7lar\u0131 ve \u00d6neriler\"\/><\/figure>\n\n\n\n<p>K\u00fc\u00e7\u00fck banyolar i\u00e7in tasar\u0131m ipu\u00e7lar\u0131 ve alandan en iyi \u015fekilde yararlanma yollar\u0131.. Banyonuzu dekore ederken sizler i\u00e7in se\u00e7ti\u011fimiz kullan\u0131\u015fl\u0131 ve i\u015flevsel banyo dekorasyon fikirlerinden ilham al\u0131n..<\/p>\n\n\n\n<p>Bu g\u00fcn sizinle k\u00fc\u00e7\u00fck banyolar ve her serbest santimetreden yararlanman\u0131n olanaklar\u0131ndan en iyi \u015fekilde yararlanman\u0131n nas\u0131l m\u00fcmk\u00fcn oldu\u011fu hakk\u0131nda konu\u015fmak istiyoruz. Bu y\u00fczden bug\u00fcn size getirdi\u011fimiz k\u00fc\u00e7\u00fck banyolar\u0131n dekorasyon fikirlerine odaklan\u0131n ve banyonuza uygulay\u0131n; banyo mobilya ipu\u00e7lar\u0131, aksesuarlar ve k\u00fc\u00e7\u00fck banyolarda kullan\u0131lacak etkili renklere kadar bir \u00e7ok detay i\u00e7in yaz\u0131m\u0131z\u0131 okumaya devam edebilirsiniz.<\/p>\n\n\n\n<h5 class=\"wp-block-heading\">K\u00fc\u00e7\u00fck bir banyo mobilyas\u0131 i\u00e7in ideal boyutlar<\/h5>\n\n\n\n<h5 class=\"wp-block-heading\">K\u00fc\u00e7\u00fck bir banyonun dekorasyonunu d\u00fczelten ilk anahtar, do\u011fru mobilyalar\u0131 se\u00e7mektir. T\u00fcm bo\u015f alan\u0131 kaplayan devasa bir lavabo koyamazs\u0131n\u0131z, ancak banyonun b\u00fcy\u00fckl\u00fc\u011f\u00fcne g\u00f6re kullan\u0131\u015fl\u0131 ve i\u015flevselli\u011fi \u00f6ne \u00e7\u0131kan banyo mobilyalar\u0131 se\u00e7melisiniz.<\/h5>\n\n\n\n<h3 class=\"wp-block-heading\"><img decoding=\"async\" src=\"http:\/\/www.dusakabinmarketi.com\/image\/catalog\/r%C3%BCnler\/kucuk-banyo-dekorasyon-ornekleri-5.jpg\"><\/h3>\n\n\n\n<h5 class=\"wp-block-heading\">K\u00fc\u00e7\u00fck banyolar i\u00e7in depolamay\u0131 destekleyen mobilyalar<\/h5>\n\n\n\n<h5 class=\"wp-block-heading\">Banyoda saklanacak \u00e7ok \u015fey oldu\u011fundan, havlu, tuvalet ka\u011f\u0131d\u0131, sa\u00e7 kurutma makinesi ve sa\u00e7 d\u00fczle\u015ftiriciler, taraklar ve f\u0131r\u00e7alar, kremler, vs. gibi mekanda kalabal\u0131k olu\u015fturan detaylar\u0131 rahat \u015fekilde depolayabilecek tasar\u0131mlara odaklanmal\u0131s\u0131n\u0131z. Unutmay\u0131n ki bu k\u00fc\u00e7\u00fck detaylar ortada kal\u0131rsa, banyonuz daha kalabal\u0131k ve g\u00f6z yorucu bir g\u00f6r\u00fcn\u00fcme sahip olacakt\u0131r.<\/h5>\n\n\n\n<h5 class=\"wp-block-heading\">K\u00fc\u00e7\u00fck banyolarda renk kullan\u0131m\u0131<\/h5>\n\n\n\n<h5 class=\"wp-block-heading\">Duvarlarda de\u011fil, mobilyadaki baz\u0131 renk dokunu\u015flar\u0131 k\u00fc\u00e7\u00fck ve sade bir banyoyu ayd\u0131nlatabilir. N\u00f6tr renklerin \u00f6ne \u00e7\u0131kt\u0131\u011f\u0131 banyolara renk ve desen katman\u0131n en kolay ve etkili yolu bu renk ve desenleri mobilya, du\u015f perdesi yada banyo tekstil \u00fcr\u00fcnlerinde kullanmakt\u0131r. Bu noktada dekorasyon tarz\u0131na g\u00f6re tek bir canl\u0131 renge odaklanabilir ve bunu banyoda odak noktas\u0131 olarak sergileyebilirsiniz.A\u00e7\u0131k renkli duvar boyalar\u0131, zemin ve duvar seramikleri k\u00fc\u00e7\u00fck banyolar\u0131 daha ferah, ayd\u0131nl\u0131k ve b\u00fcy\u00fck g\u00f6stermek i\u00e7in tercih edilebilir. Beyaz ve tonlar\u0131 bu noktada k\u00fc\u00e7\u00fck banyo dekorasyon modelleri i\u00e7in en \u00e7ok tercih edilen renkler aras\u0131nda gelir.<\/h5>\n\n\n\n<h5 class=\"wp-block-heading\">Aynalardan en iyi \u015fekilde nas\u0131l yararlan\u0131labilir?<\/h5>\n\n\n\n<h5 class=\"wp-block-heading\">Banyonun duvarlar\u0131ndan birine b\u00fcy\u00fck bir ayna yerle\u015ftirmek, banyoyu daha geni\u015f g\u00f6stermek i\u00e7in profesyonellerin uzun y\u0131llard\u0131r ba\u015fvurduklar\u0131 etkili bir y\u00f6ntemdir. Bunun nedeni aynalar mekanda \u0131\u015f\u0131\u011f\u0131 yans\u0131tarak g\u00f6rsel bir ilizyon sa\u011flar. B\u00fcy\u00fck bir ayna kullan\u0131m\u0131 yeterli \u0131\u015f\u0131k alan bir banyo i\u00e7in m\u00fckemmel bir se\u00e7imdir.K\u00fc\u00e7\u00fck bir banyoda olmazsa olmaz mobilya par\u00e7alar\u0131ndan biride bol \u00e7ekmeceli \u00e7ok ama\u00e7l\u0131 dolaplard\u0131r. Banyoda saklanmas\u0131 gerekenlerin bir\u00e7o\u011fu da k\u00fc\u00e7\u00fck oldu\u011fundan, mekan\u0131 b\u00f6len ve d\u00fczende tutacak \u00e7ekmeceler i\u00e7in organizat\u00f6rlere sahip olmak her zaman iyi bir fikirdir. \u00c7ok ama\u00e7l\u0131 bir dolap, k\u00fc\u00e7\u00fck bir banyoda iyi bir depolama \u00e7\u00f6z\u00fcm\u00fc olabilir. \u0130\u00e7inde krem, makyaj, tarak, havlu vb. Elbette, \u00e7ok b\u00fcy\u00fck olmayan ve elbette tekerlekli olan birini se\u00e7melisiniz.<\/h5>\n\n\n\n<h5 class=\"wp-block-heading\">Uzun ve dar bir banyo, nas\u0131l tasarlan\u0131r?<\/h5>\n\n\n\n<h5 class=\"wp-block-heading\">Uzun ve dar bir banyonun, tuvaleti tek bir duvara yerle\u015ftirmeye zorlayan iki ko\u015fulu vard\u0131r, aksi takdirde, banyonun etraf\u0131nda hareket etmek zor olacakt\u0131r. Bu noktada banyo lavabo ve dolaplar\u0131 ile ayn\u0131 hizada olacak \u015fekilde yerle\u015fim yap\u0131lmas\u0131 hem hareket alan\u0131 hemde kullan\u0131m a\u00e7\u0131s\u0131ndan do\u011fru bir yoldur. Uzun ve dar bir banyoya hareket ve renk katmak i\u00e7inde antre dekorasyon \u00f6rneklerinde oldu\u011fu gibi dikkat \u00e7ekici renk ve desene sahip banyo hal\u0131s\u0131 se\u00e7ilebilir.<\/h5>\n\n\n\n<h5 class=\"wp-block-heading\">K\u00fc\u00e7\u00fck banyolar i\u00e7in ideal du\u015f tipi<\/h5>\n\n\n\n<h5 class=\"wp-block-heading\">Zeminin ayn\u0131 seviyesine monte edilen du\u015f , en kullan\u0131\u015fl\u0131 olan\u0131 \u00e7\u00fcnk\u00fc optik olarak banyo daha b\u00fcy\u00fck g\u00f6r\u00fcn\u00fcr. Ek olarak, bu banyoda, lavabo du\u015fu aras\u0131ndaki b\u00f6l\u00fcm, tuvaletin radikal bir \u015fekilde b\u00f6l\u00fcnmeden gizlili\u011fini garanti alt\u0131na almak i\u00e7in do\u011fru yoldur. I\u015f\u0131\u011f\u0131 ge\u00e7iren cam y\u00fczeyler k\u00fc\u00e7\u00fck bir banyoda b\u00fcy\u00fck farkl\u0131l\u0131klar yaratabilir. Bu a\u00e7\u0131dan bu tarz banyolarda k\u00fcvet yerine kullan\u0131\u015fl\u0131 ve modern g\u00f6r\u00fcn\u00fcml\u00fc cam du\u015fakabin modelleri tercih edilebilir.Saydam yada yar\u0131 saydam malzemelerle yap\u0131lan elemanlar, k\u00fc\u00e7\u00fck banyolar\u0131n etkili elemanlar\u0131 aras\u0131nda yer al\u0131r.. \u00d6rne\u011fin, cam du\u015fakabinler banyoyu b\u00f6lebilir, ancak banyoya girildi\u011finde dar bir banyo g\u00f6r\u00fcn\u00fcm\u00fc vermezler.<\/h5>\n\n\n\n<h5 class=\"wp-block-heading\">Kap\u0131n\u0131n ard\u0131ndaki bo\u015f alan\u0131 kullanmak<\/h5>\n\n\n\n<h5 class=\"wp-block-heading\">Kap\u0131n\u0131n ard\u0131nda bir tuvalet yerle\u015ftirmek i\u00e7in genellikle \u00e7ok k\u00fc\u00e7\u00fck bir alan bulunur, ancak en az 25 cm bo\u015f alan varsa, se\u00e7eneklerden biri banyoda bu k\u00fc\u00e7\u00fck ama \u00f6nemli e\u015fyalar\u0131 depolayabilece\u011finiz bir raf sistemi kullanmakt\u0131r. Banyonun dekorasyon tarz\u0131na g\u00f6re metal yada ah\u015fap malzemeden \u00fcretilmi\u015f banyo raflar\u0131 bu bo\u015f alanlar\u0131 de\u011ferlendirmek i\u00e7in m\u00fckemmel bir se\u00e7imdir.K\u00fc\u00e7\u00fck bir banyoda her santimetre \u00f6nemlidir. Klozetin \u00fcst\u00fcndeki duvar genellikle bo\u015f b\u0131rak\u0131l\u0131r, ancak ger\u00e7ek \u015fu ki tavana kadar yakla\u015f\u0131k iki metre y\u00fcksekli\u011finde kullanabilece\u011finiz uygun bir alan vard\u0131r. Bu alan\u0131 de\u011ferlendirmek i\u00e7in duvara monte kapakl\u0131 ve rafl\u0131 tasar\u0131mlar tercih ederek banyoyu daha kullan\u0131\u015fl\u0131 hale getirebilirsiniz.<\/h5>\n\n\n\n<h5 class=\"wp-block-heading\">B\u00fcy\u00fck banyo karolar\u0131 kullanman\u0131n \u00f6nemi<\/h5>\n\n\n\n<h5 class=\"wp-block-heading\">Son bir ipucu olarak, k\u00fc\u00e7\u00fck banyoda kullan\u0131lan fayanslar\u0131n b\u00fcy\u00fcd\u00fck\u00e7e daha geni\u015f g\u00f6r\u00fcnece\u011fini biliyor muydunuz?. Nas\u0131l m\u0131? Bunun nedeni, ba\u011flant\u0131lar\u0131n en aza indirgenmesi ve bunun bir s\u00fcreklilik ve alan hissi yaratmas\u0131d\u0131r.<\/h5>\n","protected":false},"excerpt":{"rendered":"<p>K\u00fc\u00e7\u00fck Banyo Dekorasyonu i\u00e7in \u0130pu\u00e7lar\u0131 ve \u00d6neriler K\u00fc\u00e7\u00fck banyolar i\u00e7in tasar\u0131m ipu\u00e7lar\u0131 ve alandan en iyi \u015fekilde yararlanma yollar\u0131.. Banyonuzu dekore ederken sizler i\u00e7in se\u00e7ti\u011fimiz kullan\u0131\u015fl\u0131 ve i\u015flevsel banyo dekorasyon fikirlerinden ilham al\u0131n.. Bu g\u00fcn sizinle k\u00fc\u00e7\u00fck banyolar ve her serbest santimetreden yararlanman\u0131n olanaklar\u0131ndan en iyi \u015fekilde yararlanman\u0131n nas\u0131l m\u00fcmk\u00fcn oldu\u011fu hakk\u0131nda konu\u015fmak istiyoruz. Bu [&hellip;]<\/p>\n","protected":false},"author":1,"featured_media":367,"comment_status":"open","ping_status":"open","sticky":false,"template":"","format":"standard","meta":{"footnotes":""},"categories":[7],"tags":[58,74,69,73,64,63,67,15,54,50,65,66,59,70,71,68,17,55,56,72,62,60],"class_list":["post-106","post","type-post","status-publish","format-standard","has-post-thumbnail","hentry","category-blog","tag-bagcilar-dusakabin","tag-bahcesehir-dusakabin","tag-bakirkoy-dusakabin","tag-basaksehir-dusakabin","tag-bebek-dusakabin","tag-besiktas-dusakabin","tag-beylikduzu-dusakabin","tag-blog","tag-dekorasyon","tag-dusakabin","tag-dusakabin-tamiri","tag-dusakabin-teknik-servis","tag-esenler-dusakabin","tag-fatih-dusakabin","tag-florya-dusakabin","tag-gungoren-dusakabin","tag-katalog","tag-mimarlik","tag-puf-noktalari","tag-sefakoy-dusakabin","tag-sisli-dusakabin","tag-zeytinburnu-dusakabin"],"aioseo_notices":[],"_links":{"self":[{"href":"http:\/\/www.artmeka.com\/index.php?rest_route=\/wp\/v2\/posts\/106","targetHints":{"allow":["GET"]}}],"collection":[{"href":"http:\/\/www.artmeka.com\/index.php?rest_route=\/wp\/v2\/posts"}],"about":[{"href":"http:\/\/www.artmeka.com\/index.php?rest_route=\/wp\/v2\/types\/post"}],"author":[{"embeddable":true,"href":"http:\/\/www.artmeka.com\/index.php?rest_route=\/wp\/v2\/users\/1"}],"replies":[{"embeddable":true,"href":"http:\/\/www.artmeka.com\/index.php?rest_route=%2Fwp%2Fv2%2Fcomments&post=106"}],"version-history":[{"count":3,"href":"http:\/\/www.artmeka.com\/index.php?rest_route=\/wp\/v2\/posts\/106\/revisions"}],"predecessor-version":[{"id":368,"href":"http:\/\/www.artmeka.com\/index.php?rest_route=\/wp\/v2\/posts\/106\/revisions\/368"}],"wp:featuredmedia":[{"embeddable":true,"href":"http:\/\/www.artmeka.com\/index.php?rest_route=\/wp\/v2\/media\/367"}],"wp:attachment":[{"href":"http:\/\/www.artmeka.com\/index.php?rest_route=%2Fwp%2Fv2%2Fmedia&parent=106"}],"wp:term":[{"taxonomy":"category","embeddable":true,"href":"http:\/\/www.artmeka.com\/index.php?rest_route=%2Fwp%2Fv2%2Fcategories&post=106"},{"taxonomy":"post_tag","embeddable":true,"href":"http:\/\/www.artmeka.com\/index.php?rest_route=%2Fwp%2Fv2%2Ftags&post=106"}],"curies":[{"name":"wp","href":"https:\/\/api.w.org\/{rel}","templated":true}]}}